{"id":2659,"date":"2025-08-26T21:29:00","date_gmt":"2025-08-26T21:29:00","guid":{"rendered":"https:\/\/sindicatoquimicosl.org.ar\/wp\/?p=2659"},"modified":"2026-04-27T21:43:52","modified_gmt":"2026-04-27T21:43:52","slug":"3er-congreso-sanmartiniano","status":"publish","type":"post","link":"https:\/\/sindicatoquimicosl.org.ar\/wp\/2025\/08\/26\/3er-congreso-sanmartiniano\/","title":{"rendered":"3er Congreso Sanmartiniano"},"content":{"rendered":"\n<p><strong>III Encuentro Pedag\u00f3gico y Cultural Sanmartiniano<\/strong><\/p>\n\n\n\n<p>Nuestra Instituci\u00f3n Obrera tuvo el honor de ser parte a partir de la invitaci\u00f3n que nos hicieran desde la Asociaci\u00f3n Cultural Sanmartiniana<\/p>\n\n\n\n<p>Los trabajadores de la Industria Qu\u00edmica, agradecidos a su Presidenta Profesora Adriana Gait\u00e1n y a su Vicepresidente C\u00e9sar R\u00edos por dejarnos ser parte, cultivar y transmitir a los m\u00e1s peque\u00f1os los valores y el amor a nuestra Patria del Gran Jos\u00e9 de San Mart\u00edn! GRACIAS.<\/p>\n","protected":false},"excerpt":{"rendered":"<div class=\"mh-excerpt\"><p>III Encuentro Pedag\u00f3gico y Cultural Sanmartiniano Nuestra Instituci\u00f3n Obrera tuvo el honor de ser parte a partir de la invitaci\u00f3n que nos hicieran desde la Asociaci\u00f3n Cultural Sanmartiniana Los trabajadores de la Industria Qu\u00edmica, agradecidos <a class=\"mh-excerpt-more\" href=\"https:\/\/sindicatoquimicosl.org.ar\/wp\/2025\/08\/26\/3er-congreso-sanmartiniano\/\" title=\"3er Congreso Sanmartiniano\">[&#8230;]<\/a><\/p>\n<\/div>","protected":false},"author":2,"featured_media":2664,"comment_status":"closed","ping_status":"open","sticky":false,"template":"","format":"standard","meta":{"footnotes":""},"categories":[1],"tags":[172,173],"class_list":{"0":"post-2659","1":"post","2":"type-post","3":"status-publish","4":"format-standard","5":"has-post-thumbnail","7":"category-noticias","8":"tag-san","9":"tag-san-martin"},"_links":{"self":[{"href":"https:\/\/sindicatoquimicosl.org.ar\/wp\/wp-json\/wp\/v2\/posts\/2659","targetHints":{"allow":["GET"]}}],"collection":[{"href":"https:\/\/sindicatoquimicosl.org.ar\/wp\/wp-json\/wp\/v2\/posts"}],"about":[{"href":"https:\/\/sindicatoquimicosl.org.ar\/wp\/wp-json\/wp\/v2\/types\/post"}],"author":[{"embeddable":true,"href":"https:\/\/sindicatoquimicosl.org.ar\/wp\/wp-json\/wp\/v2\/users\/2"}],"replies":[{"embeddable":true,"href":"https:\/\/sindicatoquimicosl.org.ar\/wp\/wp-json\/wp\/v2\/comments?post=2659"}],"version-history":[{"count":2,"href":"https:\/\/sindicatoquimicosl.org.ar\/wp\/wp-json\/wp\/v2\/posts\/2659\/revisions"}],"predecessor-version":[{"id":2666,"href":"https:\/\/sindicatoquimicosl.org.ar\/wp\/wp-json\/wp\/v2\/posts\/2659\/revisions\/2666"}],"wp:featuredmedia":[{"embeddable":true,"href":"https:\/\/sindicatoquimicosl.org.ar\/wp\/wp-json\/wp\/v2\/media\/2664"}],"wp:attachment":[{"href":"https:\/\/sindicatoquimicosl.org.ar\/wp\/wp-json\/wp\/v2\/media?parent=2659"}],"wp:term":[{"taxonomy":"category","embeddable":true,"href":"https:\/\/sindicatoquimicosl.org.ar\/wp\/wp-json\/wp\/v2\/categories?post=2659"},{"taxonomy":"post_tag","embeddable":true,"href":"https:\/\/sindicatoquimicosl.org.ar\/wp\/wp-json\/wp\/v2\/tags?post=2659"}],"curies":[{"name":"wp","href":"https:\/\/api.w.org\/{rel}","templated":true}]}}