{"id":2641,"date":"2025-07-08T19:20:00","date_gmt":"2025-07-08T19:20:00","guid":{"rendered":"https:\/\/sindicatoquimicosl.org.ar\/wp\/?p=2641"},"modified":"2026-04-27T19:41:51","modified_gmt":"2026-04-27T19:41:51","slug":"asamblea-ordinaria-2025","status":"publish","type":"post","link":"https:\/\/sindicatoquimicosl.org.ar\/wp\/2025\/07\/08\/asamblea-ordinaria-2025\/","title":{"rendered":"Asamblea Ordinaria 2025"},"content":{"rendered":"\n<p class=\"has-medium-font-size\">La Asamblea Anual Ordinaria, convocada oportunamente para tal fin, aprob\u00f3 la Memoria y Balance del periodo Marzo 2024 a Febrero 2025.<\/p>\n\n\n\n<p class=\"has-medium-font-size\">Con la presencia de cros afiliados, conformado el qu\u00f3rum, se abri\u00f3 la sesi\u00f3n de la Asamblea, eligiendo sus autoridades, y los compa\u00f1eros firmantes del acta.<\/p>\n\n\n\n<p class=\"has-medium-font-size\">Luego, siguiendo la orden del d\u00eda, se expusieron los aspectos de gesti\u00f3n sindical y financieros, a cargo de la Secretar\u00eda General primero y de la Secretar\u00eda de Finanzas luego. Sometida a consideraci\u00f3n de la Asamblea, la misma aprob\u00f3 la Memoria y Balance Mar-24\/Feb-25.<\/p>\n\n\n\n<figure class=\"wp-block-gallery has-nested-images columns-default is-cropped wp-block-gallery-1 is-layout-flex wp-block-gallery-is-layout-flex\">\n<figure class=\"wp-block-image size-large\"><img loading=\"lazy\" decoding=\"async\" width=\"990\" height=\"750\" data-id=\"2643\" src=\"https:\/\/sindicatoquimicosl.org.ar\/wp\/wp-content\/uploads\/2026\/04\/ago253-990x750.jpg\" alt=\"\" class=\"wp-image-2643\" srcset=\"https:\/\/sindicatoquimicosl.org.ar\/wp\/wp-content\/uploads\/2026\/04\/ago253-990x750.jpg 990w, https:\/\/sindicatoquimicosl.org.ar\/wp\/wp-content\/uploads\/2026\/04\/ago253-275x208.jpg 275w, https:\/\/sindicatoquimicosl.org.ar\/wp\/wp-content\/uploads\/2026\/04\/ago253-768x582.jpg 768w, https:\/\/sindicatoquimicosl.org.ar\/wp\/wp-content\/uploads\/2026\/04\/ago253-80x60.jpg 80w, https:\/\/sindicatoquimicosl.org.ar\/wp\/wp-content\/uploads\/2026\/04\/ago253.jpg 1080w\" sizes=\"auto, (max-width: 990px) 100vw, 990px\" \/><\/figure>\n\n\n\n<figure class=\"wp-block-image size-large\"><img loading=\"lazy\" decoding=\"async\" width=\"990\" height=\"743\" data-id=\"2644\" src=\"https:\/\/sindicatoquimicosl.org.ar\/wp\/wp-content\/uploads\/2026\/04\/ago251-990x743.jpg\" alt=\"\" class=\"wp-image-2644\" srcset=\"https:\/\/sindicatoquimicosl.org.ar\/wp\/wp-content\/uploads\/2026\/04\/ago251-990x743.jpg 990w, https:\/\/sindicatoquimicosl.org.ar\/wp\/wp-content\/uploads\/2026\/04\/ago251-275x206.jpg 275w, https:\/\/sindicatoquimicosl.org.ar\/wp\/wp-content\/uploads\/2026\/04\/ago251-768x576.jpg 768w, https:\/\/sindicatoquimicosl.org.ar\/wp\/wp-content\/uploads\/2026\/04\/ago251-678x509.jpg 678w, https:\/\/sindicatoquimicosl.org.ar\/wp\/wp-content\/uploads\/2026\/04\/ago251-326x245.jpg 326w, https:\/\/sindicatoquimicosl.org.ar\/wp\/wp-content\/uploads\/2026\/04\/ago251-80x60.jpg 80w, https:\/\/sindicatoquimicosl.org.ar\/wp\/wp-content\/uploads\/2026\/04\/ago251.jpg 1280w\" sizes=\"auto, (max-width: 990px) 100vw, 990px\" \/><\/figure>\n<\/figure>\n\n\n\n<p class=\"has-medium-font-size\">Como siempre, agradecemos enormemente a los afiliados que se acercaron a la convocatoria. Es con participaci\u00f3n y democracia interna el \u00fanico camino para mejorar cualquier instituci\u00f3n. Nuestro Sindicato es una instituci\u00f3n muy importante en la materialidad de nuestras vidas laborales; y cuidarla es responsabilidad y tarea de Todos los que reciben los beneficios de su existencia, misi\u00f3n y labor diaria.<\/p>\n\n\n\n<p>Acced\u00e9 a la Memoria 2024\/25 haciendo click ac\u00e1<\/p>\n","protected":false},"excerpt":{"rendered":"<div class=\"mh-excerpt\"><p>La Asamblea Anual Ordinaria, convocada oportunamente para tal fin, aprob\u00f3 la Memoria y Balance del periodo Marzo 2024 a Febrero 2025. Con la presencia de cros afiliados, conformado el qu\u00f3rum, se abri\u00f3 la sesi\u00f3n de <a class=\"mh-excerpt-more\" href=\"https:\/\/sindicatoquimicosl.org.ar\/wp\/2025\/07\/08\/asamblea-ordinaria-2025\/\" title=\"Asamblea Ordinaria 2025\">[&#8230;]<\/a><\/p>\n<\/div>","protected":false},"author":2,"featured_media":2642,"comment_status":"closed","ping_status":"open","sticky":false,"template":"","format":"standard","meta":{"footnotes":""},"categories":[6,12,1],"tags":[102,168],"class_list":{"0":"post-2641","1":"post","2":"type-post","3":"status-publish","4":"format-standard","5":"has-post-thumbnail","7":"category-archivos","8":"category-sindicales","9":"category-noticias","10":"tag-asamblea-general","11":"tag-memoria-y-balance"},"_links":{"self":[{"href":"https:\/\/sindicatoquimicosl.org.ar\/wp\/wp-json\/wp\/v2\/posts\/2641","targetHints":{"allow":["GET"]}}],"collection":[{"href":"https:\/\/sindicatoquimicosl.org.ar\/wp\/wp-json\/wp\/v2\/posts"}],"about":[{"href":"https:\/\/sindicatoquimicosl.org.ar\/wp\/wp-json\/wp\/v2\/types\/post"}],"author":[{"embeddable":true,"href":"https:\/\/sindicatoquimicosl.org.ar\/wp\/wp-json\/wp\/v2\/users\/2"}],"replies":[{"embeddable":true,"href":"https:\/\/sindicatoquimicosl.org.ar\/wp\/wp-json\/wp\/v2\/comments?post=2641"}],"version-history":[{"count":1,"href":"https:\/\/sindicatoquimicosl.org.ar\/wp\/wp-json\/wp\/v2\/posts\/2641\/revisions"}],"predecessor-version":[{"id":2645,"href":"https:\/\/sindicatoquimicosl.org.ar\/wp\/wp-json\/wp\/v2\/posts\/2641\/revisions\/2645"}],"wp:featuredmedia":[{"embeddable":true,"href":"https:\/\/sindicatoquimicosl.org.ar\/wp\/wp-json\/wp\/v2\/media\/2642"}],"wp:attachment":[{"href":"https:\/\/sindicatoquimicosl.org.ar\/wp\/wp-json\/wp\/v2\/media?parent=2641"}],"wp:term":[{"taxonomy":"category","embeddable":true,"href":"https:\/\/sindicatoquimicosl.org.ar\/wp\/wp-json\/wp\/v2\/categories?post=2641"},{"taxonomy":"post_tag","embeddable":true,"href":"https:\/\/sindicatoquimicosl.org.ar\/wp\/wp-json\/wp\/v2\/tags?post=2641"}],"curies":[{"name":"wp","href":"https:\/\/api.w.org\/{rel}","templated":true}]}}